{"id":11736,"date":"2025-07-15T16:31:35","date_gmt":"2025-07-15T15:31:35","guid":{"rendered":"https:\/\/builtcolab.pt\/built-colab-takes-part-in-workshoprethink-lisboa-climate-regeneration-proposal-2030\/"},"modified":"2025-09-02T17:38:26","modified_gmt":"2025-09-02T16:38:26","slug":"built-colab-takes-part-in-workshoprethink-lisboa-climate-regeneration-proposal-2030","status":"publish","type":"post","link":"https:\/\/builtcolab.pt\/en\/news\/built-colab-takes-part-in-workshoprethink-lisboa-climate-regeneration-proposal-2030\/","title":{"rendered":"BUILT CoLAB takes part in workshop\u201cReThink Lisboa: Climate &amp; Regeneration Proposal 2030\u201d"},"content":{"rendered":"\n<p>Vanessa Tavares Head of Sustainability at BUILT CoLAB was one of the experts invited by Hori-zonte to the multidisciplinary workshop \u201cReThink Lisboa: Climate &amp; Regeneration Proposal 2030\u201d que decorreu durante o 9\u00ba\u00a0<a href=\"https:\/\/www.archisummit.pt\/\" target=\"_blank\" rel=\"noreferrer noopener\">Archi Summit<\/a>\u00a0no Hub do Beato.<\/p>\n\n<p>Together with Adrian Kr\u0119\u017clik, Catarina Viana, Daniel Casas Valle, Diogo Lopes Teixeira, Filipe Duarte Santos, In\u00eas Lobo, Jo\u00e3o Castelo Branco, Manuel Aires Mateus, Paulo Palha, Teresa Lea\u00e3o, and Vasco Appleton, they discussed Lisbon&#8217;s climate challenges in order to jointly develop proposals for a more sustainable and regenerative urban future.<\/p>\n\n<p>The final objective was to create an action plan for the city of Lisbon focussed on measures to mitigate and adapt to climate change. To this end, the group made a diagnosis of the measures that have been implemented, concluding that the problem lies not in the absence of plans, but in their lack of implementation. It also found that there are factors that are too deep-rooted, such as \u2018excessive dependence on the car\u2019, the \u2018scarcity of urban vegetation\u2019 or \u2018poor ventilation in certain areas of the city\u2019.<\/p>\n\n<p>In this context, a set of recommendations was drawn up, such as:<\/p>\n\n<ul>\n<li>setting concrete short-, medium- and long-term goals, as well as creating stages and lines of implementation;<\/li>\n\n\n\n<li>encouraging the existence of buildings that have ecological infrastructures, namely those that retain water, generate energy and provide thermal comfort or contact with the public space;<\/li>\n\n\n\n<li>investment in renaturalising the urban space with more native vegetation and green cover;<\/li>\n\n\n\n<li>experimental urban projects and prototypes should be taken into account, and it is suggested that these initiatives be promoted in municipal master plans or that they be tested on a \u2018neighbourhood scale\u2019;<\/li>\n\n\n\n<li>design the requalification of infrastructures and buildings in the city based on climate data, so that they are more resistant to the climate of the future.<\/li>\n<\/ul>\n\n<p>At the end of the Archi Summit, this set of recommendations was delivered to the Lisbon City Council, with the hope that it will support the implementation of policies and actions for the city.<\/p>\n\n<p>With this participation BUILT CoLAB is making a further contribution to a more sustainable Built Environment.<\/p>\n","protected":false},"excerpt":{"rendered":"<p>Vanessa Tavares Head of Sustainability at BUILT CoLAB was one of the experts invited by Hori-zonte to the multidisciplinary workshop \u201cReThink Lisboa: Climate &amp; Regeneration Proposal 2030\u201d que decorreu durante o 9\u00ba\u00a0Archi Summit\u00a0no Hub do Beato. Together with Adrian Kr\u0119\u017clik, Catarina Viana, Daniel Casas Valle, Diogo Lopes Teixeira, Filipe Duarte Santos, In\u00eas Lobo, Jo\u00e3o Castelo [&hellip;]<\/p>\n","protected":false},"author":3,"featured_media":11569,"comment_status":"closed","ping_status":"closed","sticky":false,"template":"","format":"standard","meta":{"footnotes":""},"categories":[26],"tags":[],"_links":{"self":[{"href":"https:\/\/builtcolab.pt\/en\/wp-json\/wp\/v2\/posts\/11736"}],"collection":[{"href":"https:\/\/builtcolab.pt\/en\/wp-json\/wp\/v2\/posts"}],"about":[{"href":"https:\/\/builtcolab.pt\/en\/wp-json\/wp\/v2\/types\/post"}],"author":[{"embeddable":true,"href":"https:\/\/builtcolab.pt\/en\/wp-json\/wp\/v2\/users\/3"}],"replies":[{"embeddable":true,"href":"https:\/\/builtcolab.pt\/en\/wp-json\/wp\/v2\/comments?post=11736"}],"version-history":[{"count":1,"href":"https:\/\/builtcolab.pt\/en\/wp-json\/wp\/v2\/posts\/11736\/revisions"}],"predecessor-version":[{"id":11737,"href":"https:\/\/builtcolab.pt\/en\/wp-json\/wp\/v2\/posts\/11736\/revisions\/11737"}],"wp:featuredmedia":[{"embeddable":true,"href":"https:\/\/builtcolab.pt\/en\/wp-json\/wp\/v2\/media\/11569"}],"wp:attachment":[{"href":"https:\/\/builtcolab.pt\/en\/wp-json\/wp\/v2\/media?parent=11736"}],"wp:term":[{"taxonomy":"category","embeddable":true,"href":"https:\/\/builtcolab.pt\/en\/wp-json\/wp\/v2\/categories?post=11736"},{"taxonomy":"post_tag","embeddable":true,"href":"https:\/\/builtcolab.pt\/en\/wp-json\/wp\/v2\/tags?post=11736"}],"curies":[{"name":"wp","href":"https:\/\/api.w.org\/{rel}","templated":true}]}}