{"id":9374,"date":"2023-06-28T17:02:25","date_gmt":"2023-06-28T16:02:25","guid":{"rendered":"https:\/\/builtcolab.pt\/final-conference-of-the-revconstruction-mobilizing-project-took-place-on-june-27\/"},"modified":"2023-10-18T15:51:29","modified_gmt":"2023-10-18T14:51:29","slug":"final-conference-of-the-revconstruction-mobilizing-project-took-place-on-june-27","status":"publish","type":"post","link":"https:\/\/builtcolab.pt\/en\/news\/final-conference-of-the-revconstruction-mobilizing-project-took-place-on-june-27\/","title":{"rendered":"Final Conference of the REV@CONSTRUCTION Mobilizing Project took place on June 27"},"content":{"rendered":"\n<p>The Conference &#8220;The Digital Construction Revolution in Portugal&#8221; was held on June 27, marking the end of the REV@CONSTRUCTION Mobilizer, a project with the participation of BUILT CoLAB.<\/p>\n\n<p>During the session, the main people responsible for the work carried out throughout the project &#8211; Francisco Reis and Jo\u00e3o Ribeiro (BIMMS), Ant\u00f3nio Aguiar Costa (IST), Lu\u00eds Guard\u00e3o and Nuno Abreu (INESC TEC), Joao Vaz da Silva (3Maps), Paula Couto, Rodrigo Lima and V\u00e2nia Marecos (LNEC), Joel Oliveira (UMinho), Noel Leit\u00e3o (TDGI) &#8211; had the opportunity to present their main results to an audience of representatives from the AEC sector.<\/p>\n\n<p>The event was held in the Mariano Gago Auditorium at the Pavilion of Knowledge in Lisbon, and was opened by S\u00edlvia Garcia from ANI, and included speeches by Jo\u00e3o Moutinho, Jo\u00e3o Po\u00e7as Martins, Pedro Lucas Martins and Lurdes Laranjeira from BUILT CoLAB on the research and development activities carried out in the project, as well as the communication activities relating to PPS5.<\/p>\n\n<p>At the end there was also a debate between various industry and project representatives to discuss the advantages of REV@CONSTRUCTION for the future of the AEC sector in Portugal, as well as the evolution of Digital Construction in the coming years &#8211; Francisco Reis (BIMMS), Laura Caldeira (LNEC), Lu\u00eds Gomes (Mota-Engil), Rita Moura (Teixeira Duarte) and S\u00e9rgio Laranjeira (Casais Group).<\/p>\n\n<p>The closing speech was given by Manuel Maria Teixeira Duarte, Chairman of the Board of Teixeira Duarte, the project&#8217;s leader.<\/p>\n\n<p>Full information about the event is available at https:\/\/revconstruction.pt\/.<\/p>\n","protected":false},"excerpt":{"rendered":"<p>The Conference &#8220;The Digital Construction Revolution in Portugal&#8221; was held on June 27, marking the end of the REV@CONSTRUCTION Mobilizer, a project with the participation of BUILT CoLAB. During the session, the main people responsible for the work carried out throughout the project &#8211; Francisco Reis and Jo\u00e3o Ribeiro (BIMMS), Ant\u00f3nio Aguiar Costa (IST), Lu\u00eds [&hellip;]<\/p>\n","protected":false},"author":3,"featured_media":9068,"comment_status":"closed","ping_status":"closed","sticky":false,"template":"","format":"standard","meta":{"footnotes":""},"categories":[26],"tags":[],"_links":{"self":[{"href":"https:\/\/builtcolab.pt\/en\/wp-json\/wp\/v2\/posts\/9374"}],"collection":[{"href":"https:\/\/builtcolab.pt\/en\/wp-json\/wp\/v2\/posts"}],"about":[{"href":"https:\/\/builtcolab.pt\/en\/wp-json\/wp\/v2\/types\/post"}],"author":[{"embeddable":true,"href":"https:\/\/builtcolab.pt\/en\/wp-json\/wp\/v2\/users\/3"}],"replies":[{"embeddable":true,"href":"https:\/\/builtcolab.pt\/en\/wp-json\/wp\/v2\/comments?post=9374"}],"version-history":[{"count":1,"href":"https:\/\/builtcolab.pt\/en\/wp-json\/wp\/v2\/posts\/9374\/revisions"}],"predecessor-version":[{"id":9375,"href":"https:\/\/builtcolab.pt\/en\/wp-json\/wp\/v2\/posts\/9374\/revisions\/9375"}],"wp:featuredmedia":[{"embeddable":true,"href":"https:\/\/builtcolab.pt\/en\/wp-json\/wp\/v2\/media\/9068"}],"wp:attachment":[{"href":"https:\/\/builtcolab.pt\/en\/wp-json\/wp\/v2\/media?parent=9374"}],"wp:term":[{"taxonomy":"category","embeddable":true,"href":"https:\/\/builtcolab.pt\/en\/wp-json\/wp\/v2\/categories?post=9374"},{"taxonomy":"post_tag","embeddable":true,"href":"https:\/\/builtcolab.pt\/en\/wp-json\/wp\/v2\/tags?post=9374"}],"curies":[{"name":"wp","href":"https:\/\/api.w.org\/{rel}","templated":true}]}}